[{"@context":"https:\/\/schema.org\/","@type":"Article","@id":"https:\/\/www.florex.cz\/pracujete-ve-vyskach-a-potrebujete-pro-svou-praci-plosiny\/#Article","mainEntityOfPage":"https:\/\/www.florex.cz\/pracujete-ve-vyskach-a-potrebujete-pro-svou-praci-plosiny\/","headline":"Pracujete ve v\u00fd\u0161k\u00e1ch a pot\u0159ebujete pro svou pr\u00e1ci plo\u0161iny?","name":"Pracujete ve v\u00fd\u0161k\u00e1ch a pot\u0159ebujete pro svou pr\u00e1ci plo\u0161iny?","description":"Pak si m\u016f\u017eete vybrat z nab\u00eddky akumul\u00e1torov\u00fdch elektrick\u00fdch, ter\u00e9nn\u00edch dieslov\u00fdch, p\u0159\u00edv\u011bsn\u00fdch a automobilov\u00fdch. Ka\u017ed\u00e1 je vhodn\u00e1 pro jin\u00fd typ pr\u00e1ce \u010di prost\u0159ed\u00ed. Z\u00e1le\u017e\u00ed na tom, zda pracujete venku \u010di v interi\u00e9ru, v jak\u00e9 v\u00fd\u0161ce chcete pracovat a v jak\u00e9m ter\u00e9nu. Do interi\u00e9ru jsou vhodn\u00e9 s elektrick\u00fdm motorem, ter\u00e9nn\u00ed jsou uzp\u016fsoben\u00e9 pro pr\u00e1ci nerovn\u00e9m ter\u00e9nu, p\u0159\u00edv\u011bsn\u00e9 [&hellip;]","datePublished":"2025-08-23","dateModified":"2025-08-23","author":{"@type":"Person","@id":"https:\/\/www.florex.cz\/author\/#Person","name":"","url":"https:\/\/www.florex.cz\/author\/","identifier":1,"image":{"@type":"ImageObject","@id":"https:\/\/secure.gravatar.com\/avatar\/bbaa4e9a58aac4329fe0ade0f3fb816f09f0dc43c21f6e884dccfbc124b16b29?s=96&d=mm&r=g","url":"https:\/\/secure.gravatar.com\/avatar\/bbaa4e9a58aac4329fe0ade0f3fb816f09f0dc43c21f6e884dccfbc124b16b29?s=96&d=mm&r=g","height":96,"width":96}},"publisher":{"@type":"Organization","name":"florex.cz","logo":{"@type":"ImageObject","@id":"\/logo.png","url":"\/logo.png","width":600,"height":60}},"url":"https:\/\/www.florex.cz\/pracujete-ve-vyskach-a-potrebujete-pro-svou-praci-plosiny\/","wordCount":184,"articleBody":"Pak si m\u016f\u017eete vybrat z nab\u00eddky akumul\u00e1torov\u00fdch elektrick\u00fdch, ter\u00e9nn\u00edch dieslov\u00fdch, p\u0159\u00edv\u011bsn\u00fdch a automobilov\u00fdch. Ka\u017ed\u00e1 je vhodn\u00e1 pro jin\u00fd typ pr\u00e1ce \u010di prost\u0159ed\u00ed. Z\u00e1le\u017e\u00ed na tom, zda pracujete venku \u010di v interi\u00e9ru, v jak\u00e9 v\u00fd\u0161ce chcete pracovat a v jak\u00e9m ter\u00e9nu. Do interi\u00e9ru jsou vhodn\u00e9 s elektrick\u00fdm motorem, ter\u00e9nn\u00ed jsou uzp\u016fsoben\u00e9 pro pr\u00e1ci nerovn\u00e9m ter\u00e9nu, p\u0159\u00edv\u011bsn\u00e9 m\u016f\u017eete odt\u00e1hnout i sv\u00fdm osobn\u00edm vozidlem a automobilov\u00e9 pracuj\u00ed p\u0159\u00edmo z vozidla. Snadn\u00e1 cesta k zap\u016fj\u010den\u00ed Pokud jste se rozhodli k pron\u00e1jmu plo\u0161in, m\u016f\u017eete si je rezervovat na webov\u00fdch str\u00e1nk\u00e1ch p\u016fj\u010dovny nebo prost\u011b zvednout sluch\u00e1tko a vyu\u017e\u00edt horkou linku k objedn\u00e1vce. Dispe\u010dink v\u00e1m v p\u0159\u00edpad\u011b pot\u0159eby porad\u00ed s v\u00fdb\u011brem a m\u016f\u017eete se dohodnout na m\u00edst\u011b a \u010dasu dod\u00e1vky. Ptejte se tak\u00e9 na prob\u00edhaj\u00edc\u00ed akce, m\u016f\u017ee se v\u00e1m to vyplatit.                                                                                                                                                                                                                                                                                                                                                                                                "},{"@context":"https:\/\/schema.org\/","@type":"BreadcrumbList","itemListElement":[{"@type":"ListItem","position":1,"name":"Pracujete ve v\u00fd\u0161k\u00e1ch a pot\u0159ebujete pro svou pr\u00e1ci plo\u0161iny?","item":"https:\/\/www.florex.cz\/pracujete-ve-vyskach-a-potrebujete-pro-svou-praci-plosiny\/#breadcrumbitem"}]}]